{"id":204,"date":"2011-11-10T18:57:46","date_gmt":"2011-11-10T16:57:46","guid":{"rendered":"http:\/\/www.insel-teneriffa.de\/blog\/?p=204"},"modified":"2013-11-06T18:58:25","modified_gmt":"2013-11-06T16:58:25","slug":"vulkan-vor-el-hierro-brodelt-weiter","status":"publish","type":"post","link":"https:\/\/www.insel-teneriffa.de\/blog\/vulkan-vor-el-hierro-brodelt-weiter\/","title":{"rendered":"Vulkan vor El Hierro brodelt weiter"},"content":{"rendered":"<p>In El Hierro und speziell in dem Dorf La Restinga ist immer noch keine Ruhe eingekehrt. Der Unterwasser-Vulkan macht sich nach wie vor bemerkbar. Wie jetzt bekannt wurde, hat das Wasser direkt \u00fcber dem Vulkan eine um 11 Grad h\u00f6here Temperatur als seine Umgebung. Wissenschaftler halten dies f\u00fcr ein sicheres Indiz f\u00fcr einen Vulkanausbruch. Zudem konnte der Vulkan jetzt unter Wasser lokalisiert werden. Der Vulkan hat einen Durchmesser von 700 Metern und befindet sich 300 Meter unter dem Meeresspiegel. Der Krater selbst ist 120 Meter breit und 100 Meter tief.<\/p>\n","protected":false},"excerpt":{"rendered":"<p>In El Hierro und speziell in dem Dorf La Restinga ist immer noch keine Ruhe eingekehrt. Der Unterwasser-Vulkan macht sich nach wie vor bemerkbar. Wie jetzt bekannt wurde, hat das Wasser direkt \u00fcber dem Vulkan eine um 11 Grad h\u00f6here Temperatur als seine Umgebung. Wissenschaftler halten dies f\u00fcr ein sicheres Indiz f\u00fcr einen Vulkanausbruch. Zudem [&hellip;]<\/p>\n","protected":false},"author":3,"featured_media":0,"comment_status":"open","ping_status":"open","sticky":false,"template":"","format":"standard","meta":{"footnotes":""},"categories":[8],"tags":[],"_links":{"self":[{"href":"https:\/\/www.insel-teneriffa.de\/blog\/wp-json\/wp\/v2\/posts\/204"}],"collection":[{"href":"https:\/\/www.insel-teneriffa.de\/blog\/wp-json\/wp\/v2\/posts"}],"about":[{"href":"https:\/\/www.insel-teneriffa.de\/blog\/wp-json\/wp\/v2\/types\/post"}],"author":[{"embeddable":true,"href":"https:\/\/www.insel-teneriffa.de\/blog\/wp-json\/wp\/v2\/users\/3"}],"replies":[{"embeddable":true,"href":"https:\/\/www.insel-teneriffa.de\/blog\/wp-json\/wp\/v2\/comments?post=204"}],"version-history":[{"count":1,"href":"https:\/\/www.insel-teneriffa.de\/blog\/wp-json\/wp\/v2\/posts\/204\/revisions"}],"predecessor-version":[{"id":205,"href":"https:\/\/www.insel-teneriffa.de\/blog\/wp-json\/wp\/v2\/posts\/204\/revisions\/205"}],"wp:attachment":[{"href":"https:\/\/www.insel-teneriffa.de\/blog\/wp-json\/wp\/v2\/media?parent=204"}],"wp:term":[{"taxonomy":"category","embeddable":true,"href":"https:\/\/www.insel-teneriffa.de\/blog\/wp-json\/wp\/v2\/categories?post=204"},{"taxonomy":"post_tag","embeddable":true,"href":"https:\/\/www.insel-teneriffa.de\/blog\/wp-json\/wp\/v2\/tags?post=204"}],"curies":[{"name":"wp","href":"https:\/\/api.w.org\/{rel}","templated":true}]}}