{"id":238,"date":"2012-01-19T11:04:53","date_gmt":"2012-01-19T09:04:53","guid":{"rendered":"http:\/\/www.insel-teneriffa.de\/blog\/?p=238"},"modified":"2013-11-07T11:05:21","modified_gmt":"2013-11-07T09:05:21","slug":"karneval-auf-teneriffa","status":"publish","type":"post","link":"https:\/\/www.insel-teneriffa.de\/blog\/karneval-auf-teneriffa\/","title":{"rendered":"Karneval auf Teneriffa"},"content":{"rendered":"<p>Am 21. Februar ist der diesj\u00e4hrige <a href=\"http:\/\/www.insel-teneriffa.de\/karneval.php\" title=\"Carnaval Tenerife\">Karneval auf Teneriffa<\/a>. Doch die Feierlichkeiten beginnen schon viel eher und werden f\u00fcr viele fr\u00f6hliche und bunte Stunden auf der Insel sorgen. Die Hochburg des Karnevals ist <a href=\"http:\/\/www.insel-teneriffa.de\/santa-cruz-de-tenerife.php\">Santa Cruz<\/a>. Das diesj\u00e4hrige Motto ist &#8222;60 Jahre &#8211; Die \u00c4ra des Flower Power&#8220;. Vorab werden von den Gemeinden K\u00f6niginnen gew\u00e4hlt, die sich in prachtvollen und zumeist selbst gen\u00e4hten Kost\u00fcmen auf den Umz\u00fcgen pr\u00e4sentieren. Die Umz\u00fcge werden von Einheimischen wie von Touristen gleicherma\u00dfen besucht. Die Karnevalsgruppen ziehen mit ihren Wagen durch die Stra\u00dfen und feiern mehrere Tage lang, bis am Aschermittwoch schlie\u00dflich die gro\u00dfe, traditionelle Pappsardine begraben wird und die Feierlichkeiten somit zum Ende kommen.<\/p>\n","protected":false},"excerpt":{"rendered":"<p>Am 21. Februar ist der diesj\u00e4hrige Karneval auf Teneriffa. Doch die Feierlichkeiten beginnen schon viel eher und werden f\u00fcr viele fr\u00f6hliche und bunte Stunden auf der Insel sorgen. Die Hochburg des Karnevals ist Santa Cruz. Das diesj\u00e4hrige Motto ist &#8222;60 Jahre &#8211; Die \u00c4ra des Flower Power&#8220;. Vorab werden von den Gemeinden K\u00f6niginnen gew\u00e4hlt, die [&hellip;]<\/p>\n","protected":false},"author":3,"featured_media":0,"comment_status":"open","ping_status":"open","sticky":false,"template":"","format":"standard","meta":{"footnotes":""},"categories":[7],"tags":[],"_links":{"self":[{"href":"https:\/\/www.insel-teneriffa.de\/blog\/wp-json\/wp\/v2\/posts\/238"}],"collection":[{"href":"https:\/\/www.insel-teneriffa.de\/blog\/wp-json\/wp\/v2\/posts"}],"about":[{"href":"https:\/\/www.insel-teneriffa.de\/blog\/wp-json\/wp\/v2\/types\/post"}],"author":[{"embeddable":true,"href":"https:\/\/www.insel-teneriffa.de\/blog\/wp-json\/wp\/v2\/users\/3"}],"replies":[{"embeddable":true,"href":"https:\/\/www.insel-teneriffa.de\/blog\/wp-json\/wp\/v2\/comments?post=238"}],"version-history":[{"count":1,"href":"https:\/\/www.insel-teneriffa.de\/blog\/wp-json\/wp\/v2\/posts\/238\/revisions"}],"predecessor-version":[{"id":239,"href":"https:\/\/www.insel-teneriffa.de\/blog\/wp-json\/wp\/v2\/posts\/238\/revisions\/239"}],"wp:attachment":[{"href":"https:\/\/www.insel-teneriffa.de\/blog\/wp-json\/wp\/v2\/media?parent=238"}],"wp:term":[{"taxonomy":"category","embeddable":true,"href":"https:\/\/www.insel-teneriffa.de\/blog\/wp-json\/wp\/v2\/categories?post=238"},{"taxonomy":"post_tag","embeddable":true,"href":"https:\/\/www.insel-teneriffa.de\/blog\/wp-json\/wp\/v2\/tags?post=238"}],"curies":[{"name":"wp","href":"https:\/\/api.w.org\/{rel}","templated":true}]}}