{"id":256,"date":"2012-02-25T11:12:16","date_gmt":"2012-02-25T09:12:16","guid":{"rendered":"http:\/\/www.insel-teneriffa.de\/blog\/?p=256"},"modified":"2013-11-07T11:12:41","modified_gmt":"2013-11-07T09:12:41","slug":"die-geschichte-der-musik","status":"publish","type":"post","link":"https:\/\/www.insel-teneriffa.de\/blog\/die-geschichte-der-musik\/","title":{"rendered":"Die Geschichte der Musik"},"content":{"rendered":"<p>Am 3. M\u00e4rz findet an der Playa de las Americas eine ganz besondere Veranstaltung statt. Mehr als 30 international bekannte K\u00fcnstler werden die Geschichte der Musik auff\u00fchren. S\u00e4mtliche Musikrichtungen werden abgedeckt. Die Tickets f\u00fcr die Veranstaltung kosten 20 Euro. Am 10. und 11. M\u00e4rz wird dieselbe Veranstaltung im Teatro G\u00fcimera in Santa Cruz zu sehen sein. Die Tickets kosten dort zwischen 19,00 und 29,00 Euro. Tickets f\u00fcr die Auff\u00fchrung an der Playa de las Americas gibt es bei\u00a0<a href=\"http:\/\/www.magmatenerife.es\/en\/cms\/\">www.magmatenerife.es<\/a>\u00a0und f\u00fcr die Auff\u00fchrung in Santa Cruz bei\u00a0<a href=\"http:\/\/www.generaltickets.com\/\">www.generaltickets.com<\/a><\/p>\n","protected":false},"excerpt":{"rendered":"<p>Am 3. M\u00e4rz findet an der Playa de las Americas eine ganz besondere Veranstaltung statt. Mehr als 30 international bekannte K\u00fcnstler werden die Geschichte der Musik auff\u00fchren. S\u00e4mtliche Musikrichtungen werden abgedeckt. Die Tickets f\u00fcr die Veranstaltung kosten 20 Euro. Am 10. und 11. M\u00e4rz wird dieselbe Veranstaltung im Teatro G\u00fcimera in Santa Cruz zu sehen [&hellip;]<\/p>\n","protected":false},"author":3,"featured_media":0,"comment_status":"open","ping_status":"open","sticky":false,"template":"","format":"standard","meta":{"footnotes":""},"categories":[7],"tags":[],"_links":{"self":[{"href":"https:\/\/www.insel-teneriffa.de\/blog\/wp-json\/wp\/v2\/posts\/256"}],"collection":[{"href":"https:\/\/www.insel-teneriffa.de\/blog\/wp-json\/wp\/v2\/posts"}],"about":[{"href":"https:\/\/www.insel-teneriffa.de\/blog\/wp-json\/wp\/v2\/types\/post"}],"author":[{"embeddable":true,"href":"https:\/\/www.insel-teneriffa.de\/blog\/wp-json\/wp\/v2\/users\/3"}],"replies":[{"embeddable":true,"href":"https:\/\/www.insel-teneriffa.de\/blog\/wp-json\/wp\/v2\/comments?post=256"}],"version-history":[{"count":1,"href":"https:\/\/www.insel-teneriffa.de\/blog\/wp-json\/wp\/v2\/posts\/256\/revisions"}],"predecessor-version":[{"id":257,"href":"https:\/\/www.insel-teneriffa.de\/blog\/wp-json\/wp\/v2\/posts\/256\/revisions\/257"}],"wp:attachment":[{"href":"https:\/\/www.insel-teneriffa.de\/blog\/wp-json\/wp\/v2\/media?parent=256"}],"wp:term":[{"taxonomy":"category","embeddable":true,"href":"https:\/\/www.insel-teneriffa.de\/blog\/wp-json\/wp\/v2\/categories?post=256"},{"taxonomy":"post_tag","embeddable":true,"href":"https:\/\/www.insel-teneriffa.de\/blog\/wp-json\/wp\/v2\/tags?post=256"}],"curies":[{"name":"wp","href":"https:\/\/api.w.org\/{rel}","templated":true}]}}