{"id":279,"date":"2012-04-20T11:21:11","date_gmt":"2012-04-20T09:21:11","guid":{"rendered":"http:\/\/www.insel-teneriffa.de\/blog\/?p=279"},"modified":"2013-11-07T11:21:46","modified_gmt":"2013-11-07T09:21:46","slug":"my-fair-lady-musical-auf-den-kanaren","status":"publish","type":"post","link":"https:\/\/www.insel-teneriffa.de\/blog\/my-fair-lady-musical-auf-den-kanaren\/","title":{"rendered":"&#8222;My fair lady&#8220;-Musical auf den Kanaren"},"content":{"rendered":"<p>Das Musical &#8222;My fair lady&#8220; gastiert diesen Sommer auf den Kanaren. Vom 29. Juni bis zum 8. Juli\u00a0ist das Ensemble in Santa Cruz auf Teneriffa und vom 12. bis zum 22. Juli in Las Palmas de Gran Canaria. Mit von der Partie sind die beiden bekannten spanischen Schauspieler Paloma San Basilio und Joan Crosas. &#8222;My fair lady&#8220; erz\u00e4hlt die Geschichte von Elisa Doolittle, einem einfachen M\u00e4dchen, das aufgrund einer Wette, innerhalb von sechs Monaten zu einer Dame von Welt werden soll. Das Musical geh\u00f6rt zu den \u00c4ltesten unserer Zeit und begeistert Zuschauer seit mittlerweile mehr als 60 Jahren.<\/p>\n","protected":false},"excerpt":{"rendered":"<p>Das Musical &#8222;My fair lady&#8220; gastiert diesen Sommer auf den Kanaren. Vom 29. Juni bis zum 8. Juli\u00a0ist das Ensemble in Santa Cruz auf Teneriffa und vom 12. bis zum 22. Juli in Las Palmas de Gran Canaria. Mit von der Partie sind die beiden bekannten spanischen Schauspieler Paloma San Basilio und Joan Crosas. &#8222;My [&hellip;]<\/p>\n","protected":false},"author":3,"featured_media":0,"comment_status":"open","ping_status":"open","sticky":false,"template":"","format":"standard","meta":{"footnotes":""},"categories":[7],"tags":[],"_links":{"self":[{"href":"https:\/\/www.insel-teneriffa.de\/blog\/wp-json\/wp\/v2\/posts\/279"}],"collection":[{"href":"https:\/\/www.insel-teneriffa.de\/blog\/wp-json\/wp\/v2\/posts"}],"about":[{"href":"https:\/\/www.insel-teneriffa.de\/blog\/wp-json\/wp\/v2\/types\/post"}],"author":[{"embeddable":true,"href":"https:\/\/www.insel-teneriffa.de\/blog\/wp-json\/wp\/v2\/users\/3"}],"replies":[{"embeddable":true,"href":"https:\/\/www.insel-teneriffa.de\/blog\/wp-json\/wp\/v2\/comments?post=279"}],"version-history":[{"count":1,"href":"https:\/\/www.insel-teneriffa.de\/blog\/wp-json\/wp\/v2\/posts\/279\/revisions"}],"predecessor-version":[{"id":280,"href":"https:\/\/www.insel-teneriffa.de\/blog\/wp-json\/wp\/v2\/posts\/279\/revisions\/280"}],"wp:attachment":[{"href":"https:\/\/www.insel-teneriffa.de\/blog\/wp-json\/wp\/v2\/media?parent=279"}],"wp:term":[{"taxonomy":"category","embeddable":true,"href":"https:\/\/www.insel-teneriffa.de\/blog\/wp-json\/wp\/v2\/categories?post=279"},{"taxonomy":"post_tag","embeddable":true,"href":"https:\/\/www.insel-teneriffa.de\/blog\/wp-json\/wp\/v2\/tags?post=279"}],"curies":[{"name":"wp","href":"https:\/\/api.w.org\/{rel}","templated":true}]}}