{"id":322,"date":"2012-07-17T12:16:03","date_gmt":"2012-07-17T10:16:03","guid":{"rendered":"http:\/\/www.insel-teneriffa.de\/blog\/?p=322"},"modified":"2013-11-07T12:16:58","modified_gmt":"2013-11-07T10:16:58","slug":"waldbrand-auf-teneriffa","status":"publish","type":"post","link":"https:\/\/www.insel-teneriffa.de\/blog\/waldbrand-auf-teneriffa\/","title":{"rendered":"Waldbrand auf Teneriffa"},"content":{"rendered":"<p>Seit Sonntag Nachmittag\u00a0w\u00fctet ein Waldbrand auf der Kanareninsel Teneriffa bei Ifonche oberhalb des Barranco del Infierno im Gemeindegebiet von Adeje.\u00a0Bisher sind mehr als 1800 Hektar Land vom Feuer betroffen. Zahlreiche Anwohner mussten evakuiert werden, vorsichtshalber wurden Touristen, die im Nationalpark unterwegs waren, zum Verlassen des\u00a0Nationalparks aufgefordert. Eine Hitzewelle, begleitet von heftigem Wind, erschwert die L\u00f6scharbeiten. Mehrere L\u00f6schhubschrauber und Dutzende Feuerwehrleute sind im Einsatz. Gr\u00f6\u00dfere L\u00f6schflugzeuge werden auf ihren Einsatz vorbereitet. Das Feuer ist auch von den Urlauberorten an der S\u00fcdwestk\u00fcste der Insel aus zu sehen. Mittlerweile breitet sich das Feuer schon weiter in Richtung Guia de Isora aus. In der N\u00e4he vom Baranco de Erquez wurde bereits Feuer gesichtet. Diverse Stra\u00dfen im Brandgebiet sind gesperrt, u.a. TF-567 von La Escalona nach Ifonche, TF-38 von Chio nach Bocatauce, beginnend bei km 22 und TF-21 Boca Touce &#8211;\u00a0 Vilaflor, zwischen km 47 und 67. <BR><BR>Videos vom Feuer: <a target=\"_blank\" href=\"http:\/\/youtu.be\/WYvm7yX5vAc\"> &#8211;1&#8211;<\/a> , <a target=\"_blank\" href=\"http:\/\/youtu.be\/4GtaPO3h0u4\">&#8211;2&#8211;<\/a>, <a target=\"_blank\" href=\"http:\/\/youtu.be\/4nWKWwJB0iM\">&#8211;3&#8211;<\/a> <BR><BR>Hier brennt es: <iframe loading=\"lazy\" scrolling=\"no\" marginHeight=\"0\" marginWidth=\"0\" frameBorder=\"0\" src=\"http:\/\/maps.google.de\/maps?hl=de&amp;ie=UTF8&amp;t=h&amp;ll=28.136486,-16.692438&amp;spn=0.026491,0.034332&amp;z=14&amp;output=embed\" height=\"350\" width=\"400\"><\/iframe> <small><a href=\"http:\/\/maps.google.de\/maps?hl=de&amp;ie=UTF8&amp;t=h&amp;ll=28.136486,-16.692438&amp;spn=0.026491,0.034332&amp;z=14&amp;source=embed\" style=\"text-align: left; color: #0000ff\">Gr\u00c3\u00b6\u00c3\u0178ere Kartenansicht<\/a><\/small><\/p>\n","protected":false},"excerpt":{"rendered":"<p>Seit Sonntag Nachmittag\u00a0w\u00fctet ein Waldbrand auf der Kanareninsel Teneriffa bei Ifonche oberhalb des Barranco del Infierno im Gemeindegebiet von Adeje.\u00a0Bisher sind mehr als 1800 Hektar Land vom Feuer betroffen. Zahlreiche Anwohner mussten evakuiert werden, vorsichtshalber wurden Touristen, die im Nationalpark unterwegs waren, zum Verlassen des\u00a0Nationalparks aufgefordert. Eine Hitzewelle, begleitet von heftigem Wind, erschwert die L\u00f6scharbeiten. [&hellip;]<\/p>\n","protected":false},"author":3,"featured_media":0,"comment_status":"open","ping_status":"open","sticky":false,"template":"","format":"standard","meta":{"footnotes":""},"categories":[4],"tags":[],"_links":{"self":[{"href":"https:\/\/www.insel-teneriffa.de\/blog\/wp-json\/wp\/v2\/posts\/322"}],"collection":[{"href":"https:\/\/www.insel-teneriffa.de\/blog\/wp-json\/wp\/v2\/posts"}],"about":[{"href":"https:\/\/www.insel-teneriffa.de\/blog\/wp-json\/wp\/v2\/types\/post"}],"author":[{"embeddable":true,"href":"https:\/\/www.insel-teneriffa.de\/blog\/wp-json\/wp\/v2\/users\/3"}],"replies":[{"embeddable":true,"href":"https:\/\/www.insel-teneriffa.de\/blog\/wp-json\/wp\/v2\/comments?post=322"}],"version-history":[{"count":1,"href":"https:\/\/www.insel-teneriffa.de\/blog\/wp-json\/wp\/v2\/posts\/322\/revisions"}],"predecessor-version":[{"id":323,"href":"https:\/\/www.insel-teneriffa.de\/blog\/wp-json\/wp\/v2\/posts\/322\/revisions\/323"}],"wp:attachment":[{"href":"https:\/\/www.insel-teneriffa.de\/blog\/wp-json\/wp\/v2\/media?parent=322"}],"wp:term":[{"taxonomy":"category","embeddable":true,"href":"https:\/\/www.insel-teneriffa.de\/blog\/wp-json\/wp\/v2\/categories?post=322"},{"taxonomy":"post_tag","embeddable":true,"href":"https:\/\/www.insel-teneriffa.de\/blog\/wp-json\/wp\/v2\/tags?post=322"}],"curies":[{"name":"wp","href":"https:\/\/api.w.org\/{rel}","templated":true}]}}