{"id":436,"date":"2016-02-23T09:21:00","date_gmt":"2016-02-23T07:21:00","guid":{"rendered":"http:\/\/www.insel-teneriffa.de\/blog\/?p=436"},"modified":"2016-02-23T09:47:38","modified_gmt":"2016-02-23T07:47:38","slug":"kampf-gegen-die-schneemassen","status":"publish","type":"post","link":"https:\/\/www.insel-teneriffa.de\/blog\/kampf-gegen-die-schneemassen\/","title":{"rendered":"Kampf gegen die Schneemassen"},"content":{"rendered":"<p>Noch k\u00f6nnen Inselbewohner und Touristen nur aus der Ferne Fotos vom schneebedeckten Teide schie\u00dfen. Noch immer k\u00f6nnen die Stra\u00dfen zum Teide-Nationalpark nicht freigegeben werden. Man hatte die Schneemassen wohl untersch\u00e4tzt. Zahleiche Arbeiter, 2 Radlader, 2 Schneepfl\u00fcge und diverse Gel\u00e4ndefahrzeuge sind im Einsatz im die Sicherheit f\u00fcr die Besucher zu gew\u00e4hrleisten.<br \/>\nDer Pr\u00e4sident des Cabildo von Teneriffa, Carlos Alonso, fordert Geduld von den auf die \u00d6ffnung der Zug\u00e4nge wartenden Inselbewohner und Touristen. Die Gew\u00e4hrleistung der Sicherheit hat oberste Priorit\u00e4t.<\/p>\n<p>Die Arbeiter und Bergsteiger, die momentan im Nationalpark unterwegs sind, sind der Meinung, dass die Schneef\u00e4lle vom Februar 2016 die gr\u00f6\u00dften in den letzten Jahrzehnten sind. An der Nordwand des Teide gibt es stellenweise Schneeverwehungen von bis zu 3 Metern.<\/p>\n<p>Zuerst wird an der Stra\u00dfe TF-21 (von La Orotava) und TF-38 (Boca Tauce von Ch\u00edo aus) mit der Freigabe gerechnet. Dort sind die Arbeiten schon weit fortgeschritten.<\/p>\n<p>Die Teide-Seilbahn bleibt momentan geschlossen. Zuerst m\u00fcssen die Anlagen der Seilbahn vom Schnee ber\u00e4umt und das Eis von den Tragseilen entfernt werden.<\/p>\n<p>Mittlerweile sind sogar schon die ersten Snowboarder am Teide unterwegs.<br \/>\n<iframe loading=\"lazy\" src=\"https:\/\/player.vimeo.com\/video\/156191749\" width=\"500\" height=\"281\" frameborder=\"0\" webkitallowfullscreen mozallowfullscreen allowfullscreen><\/iframe><\/p>\n<p><a href=\"https:\/\/vimeo.com\/156191749\">Snowboard Tenerife (islas canarias) EL TEIDE.<\/a> from <a href=\"https:\/\/vimeo.com\/user12213403\">Gero<\/a> on <a href=\"https:\/\/vimeo.com\">Vimeo<\/a>.<\/p>\n<p>Diverse Videos auf laopinion.es:<br \/>\n<a href=\"http:\/\/www.laopinion.es\/tenerife\/2016\/02\/23\/operativo-disfrutar-nieve\/657579.html\" target=\"_blank\">http:\/\/www.laopinion.es\/tenerife\/2016\/02\/23\/operativo-disfrutar-nieve\/657579.html<\/a><\/p>\n<p>Live vom Observatorio del Teide, Instituto de Astrof\u00edsica de Canarias<br \/>\n<iframe loading=\"lazy\" width=\"560\" height=\"315\" src=\"https:\/\/www.youtube.com\/embed\/HxGGv22jkbo\" frameborder=\"0\" allowfullscreen><\/iframe><\/p>\n","protected":false},"excerpt":{"rendered":"<p>Noch k\u00f6nnen Inselbewohner und Touristen nur aus der Ferne Fotos vom schneebedeckten Teide schie\u00dfen. Noch immer k\u00f6nnen die Stra\u00dfen zum Teide-Nationalpark nicht freigegeben werden. Man hatte die Schneemassen wohl untersch\u00e4tzt. Zahleiche Arbeiter, 2 Radlader, 2 Schneepfl\u00fcge und diverse Gel\u00e4ndefahrzeuge sind im Einsatz im die Sicherheit f\u00fcr die Besucher zu gew\u00e4hrleisten. Der Pr\u00e4sident des Cabildo von [&hellip;]<\/p>\n","protected":false},"author":3,"featured_media":0,"comment_status":"open","ping_status":"open","sticky":false,"template":"","format":"standard","meta":{"footnotes":""},"categories":[2,3],"tags":[],"_links":{"self":[{"href":"https:\/\/www.insel-teneriffa.de\/blog\/wp-json\/wp\/v2\/posts\/436"}],"collection":[{"href":"https:\/\/www.insel-teneriffa.de\/blog\/wp-json\/wp\/v2\/posts"}],"about":[{"href":"https:\/\/www.insel-teneriffa.de\/blog\/wp-json\/wp\/v2\/types\/post"}],"author":[{"embeddable":true,"href":"https:\/\/www.insel-teneriffa.de\/blog\/wp-json\/wp\/v2\/users\/3"}],"replies":[{"embeddable":true,"href":"https:\/\/www.insel-teneriffa.de\/blog\/wp-json\/wp\/v2\/comments?post=436"}],"version-history":[{"count":5,"href":"https:\/\/www.insel-teneriffa.de\/blog\/wp-json\/wp\/v2\/posts\/436\/revisions"}],"predecessor-version":[{"id":441,"href":"https:\/\/www.insel-teneriffa.de\/blog\/wp-json\/wp\/v2\/posts\/436\/revisions\/441"}],"wp:attachment":[{"href":"https:\/\/www.insel-teneriffa.de\/blog\/wp-json\/wp\/v2\/media?parent=436"}],"wp:term":[{"taxonomy":"category","embeddable":true,"href":"https:\/\/www.insel-teneriffa.de\/blog\/wp-json\/wp\/v2\/categories?post=436"},{"taxonomy":"post_tag","embeddable":true,"href":"https:\/\/www.insel-teneriffa.de\/blog\/wp-json\/wp\/v2\/tags?post=436"}],"curies":[{"name":"wp","href":"https:\/\/api.w.org\/{rel}","templated":true}]}}